{"id":1989,"date":"2023-02-03T09:09:56","date_gmt":"2023-02-03T09:09:56","guid":{"rendered":"http:\/\/www.gross-buchwald.de\/?p=1989"},"modified":"2023-02-03T09:09:56","modified_gmt":"2023-02-03T09:09:56","slug":"buergerbeteiligung-investition-in-windenergie-der-gemeinde-gross-buchwald-wichtig-vorerst-nur-fuer-gross-buchwalder-buergerinnen-und-buerger-mit-1-wohnsitz-in-der-gemeinde-gross-buchwald","status":"publish","type":"post","link":"http:\/\/www.gross-buchwald.de\/index.php\/buergerbeteiligung-investition-in-windenergie-der-gemeinde-gross-buchwald-wichtig-vorerst-nur-fuer-gross-buchwalder-buergerinnen-und-buerger-mit-1-wohnsitz-in-der-gemeinde-gross-buchwald\/","title":{"rendered":"B\u00fcrgerbeteiligung : Investition in Windenergie der Gemeinde Gro\u00df Buchwald WICHTIG: Vorerst NUR f\u00fcr Gro\u00df Buchwalder B\u00fcrgerinnen und B\u00fcrger mit 1.Wohnsitz in der Gemeinde Gro\u00df Buchwald"},"content":{"rendered":"\n<figure class=\"wp-block-gallery has-nested-images columns-default is-cropped wp-block-gallery-1 is-layout-flex wp-block-gallery-is-layout-flex\">\n<figure class=\"wp-block-image size-large\"><img loading=\"lazy\" decoding=\"async\" width=\"1024\" height=\"707\" data-id=\"1991\" src=\"http:\/\/www.gross-buchwald.de\/wp-content\/uploads\/Flyer-Beteiligung-Windenergie-in-Gross-Buchwald-1-1-1024x707.jpg\" alt=\"\" class=\"wp-image-1991\" srcset=\"http:\/\/www.gross-buchwald.de\/wp-content\/uploads\/Flyer-Beteiligung-Windenergie-in-Gross-Buchwald-1-1-1024x707.jpg 1024w, http:\/\/www.gross-buchwald.de\/wp-content\/uploads\/Flyer-Beteiligung-Windenergie-in-Gross-Buchwald-1-1-300x207.jpg 300w, http:\/\/www.gross-buchwald.de\/wp-content\/uploads\/Flyer-Beteiligung-Windenergie-in-Gross-Buchwald-1-1-768x530.jpg 768w, http:\/\/www.gross-buchwald.de\/wp-content\/uploads\/Flyer-Beteiligung-Windenergie-in-Gross-Buchwald-1-1-1536x1061.jpg 1536w, http:\/\/www.gross-buchwald.de\/wp-content\/uploads\/Flyer-Beteiligung-Windenergie-in-Gross-Buchwald-1-1-434x300.jpg 434w, http:\/\/www.gross-buchwald.de\/wp-content\/uploads\/Flyer-Beteiligung-Windenergie-in-Gross-Buchwald-1-1.jpg 2016w\" sizes=\"auto, (max-width: 1024px) 100vw, 1024px\" \/><\/figure>\n\n\n\n<figure class=\"wp-block-image size-large\"><img loading=\"lazy\" decoding=\"async\" width=\"1024\" height=\"735\" data-id=\"1992\" src=\"http:\/\/www.gross-buchwald.de\/wp-content\/uploads\/Flyer-Beteiligung-Windenergie-in-Gross-Buchwald-_1-1024x735.jpg\" alt=\"\" class=\"wp-image-1992\" srcset=\"http:\/\/www.gross-buchwald.de\/wp-content\/uploads\/Flyer-Beteiligung-Windenergie-in-Gross-Buchwald-_1-1024x735.jpg 1024w, http:\/\/www.gross-buchwald.de\/wp-content\/uploads\/Flyer-Beteiligung-Windenergie-in-Gross-Buchwald-_1-300x215.jpg 300w, http:\/\/www.gross-buchwald.de\/wp-content\/uploads\/Flyer-Beteiligung-Windenergie-in-Gross-Buchwald-_1-768x551.jpg 768w, http:\/\/www.gross-buchwald.de\/wp-content\/uploads\/Flyer-Beteiligung-Windenergie-in-Gross-Buchwald-_1-1536x1102.jpg 1536w, http:\/\/www.gross-buchwald.de\/wp-content\/uploads\/Flyer-Beteiligung-Windenergie-in-Gross-Buchwald-_1-418x300.jpg 418w, http:\/\/www.gross-buchwald.de\/wp-content\/uploads\/Flyer-Beteiligung-Windenergie-in-Gross-Buchwald-_1.jpg 1984w\" sizes=\"auto, (max-width: 1024px) 100vw, 1024px\" \/><\/figure>\n<\/figure>\n\n\n\n<p>Hier das PDF zum Herunterladen: <a href=\"http:\/\/www.gross-buchwald.de\/wp-content\/uploads\/Flyer-Beteiligung-Windenergie-in-Gross-Buchwald-.pdf\" target=\"_blank\" rel=\"noreferrer noopener\">http:\/\/www.gross-buchwald.de\/wp-content\/uploads\/Flyer-Beteiligung-Windenergie-in-Gross-Buchwald-.pdf<\/a><\/p>\n","protected":false},"excerpt":{"rendered":"<p>Hier das PDF zum Herunterladen: http:\/\/www.gross-buchwald.de\/wp-content\/uploads\/Flyer-Beteiligung-Windenergie-in-Gross-Buchwald-.pdf<\/p>\n","protected":false},"author":3,"featured_media":0,"comment_status":"closed","ping_status":"open","sticky":false,"template":"","format":"standard","meta":{"footnotes":""},"categories":[1],"tags":[],"class_list":["post-1989","post","type-post","status-publish","format-standard","hentry","category-allgemein"],"_links":{"self":[{"href":"http:\/\/www.gross-buchwald.de\/index.php\/wp-json\/wp\/v2\/posts\/1989","targetHints":{"allow":["GET"]}}],"collection":[{"href":"http:\/\/www.gross-buchwald.de\/index.php\/wp-json\/wp\/v2\/posts"}],"about":[{"href":"http:\/\/www.gross-buchwald.de\/index.php\/wp-json\/wp\/v2\/types\/post"}],"author":[{"embeddable":true,"href":"http:\/\/www.gross-buchwald.de\/index.php\/wp-json\/wp\/v2\/users\/3"}],"replies":[{"embeddable":true,"href":"http:\/\/www.gross-buchwald.de\/index.php\/wp-json\/wp\/v2\/comments?post=1989"}],"version-history":[{"count":1,"href":"http:\/\/www.gross-buchwald.de\/index.php\/wp-json\/wp\/v2\/posts\/1989\/revisions"}],"predecessor-version":[{"id":1996,"href":"http:\/\/www.gross-buchwald.de\/index.php\/wp-json\/wp\/v2\/posts\/1989\/revisions\/1996"}],"wp:attachment":[{"href":"http:\/\/www.gross-buchwald.de\/index.php\/wp-json\/wp\/v2\/media?parent=1989"}],"wp:term":[{"taxonomy":"category","embeddable":true,"href":"http:\/\/www.gross-buchwald.de\/index.php\/wp-json\/wp\/v2\/categories?post=1989"},{"taxonomy":"post_tag","embeddable":true,"href":"http:\/\/www.gross-buchwald.de\/index.php\/wp-json\/wp\/v2\/tags?post=1989"}],"curies":[{"name":"wp","href":"https:\/\/api.w.org\/{rel}","templated":true}]}}