{"id":2074,"date":"2023-10-03T13:38:48","date_gmt":"2023-10-03T13:38:48","guid":{"rendered":"http:\/\/www.gross-buchwald.de\/?p=2074"},"modified":"2023-10-03T13:44:58","modified_gmt":"2023-10-03T13:44:58","slug":"sitzung-der-gemeindevertretung-gross-buchwald","status":"publish","type":"post","link":"http:\/\/www.gross-buchwald.de\/index.php\/sitzung-der-gemeindevertretung-gross-buchwald\/","title":{"rendered":"Sitzung der Gemeindevertretung Gro\u00df Buchwald"},"content":{"rendered":"\n<p>Die n\u00e4chste Sitzung findet am 12.10.2023 um 19:00 Uhr im B\u00fcrgerhaus statt.<\/p>\n\n\n\n<p><strong>Tagesordnung<\/strong><\/p>\n\n\n\n<p>TOP Betreff<br>\u00d6 1 Begr\u00fc\u00dfung und Er\u00f6ffnung der Sitzung durch den B\u00fcrgermeister<br>\u00d6 2 Beschluss \u00fcber die Tagesordnung<br>\u00d6 3 Genehmigung der Sitzungsniederschrift vom 24.08.2023<br>\u00d6 4 Einwohnerfragestunde; Vorschl\u00e4ge, Anregungen und Fragen der Einwohnerinnen und Einwohner<br>\u00d6 5 Beschluss der Hauptsatzung der Gemeinde<br>\u00d6 6 Erstellung eines amtsweiten Konzeptes zur Errichtung von Solar-Freifl\u00e4chenanlagen<br>\u00d6 7 Neuaufstellung der Regionalpl\u00e4ne im Land Schleswig-Holstein; \u00d6ffentliche Beteiligung zu dem Entwurf f\u00fcr den Planungsraum II (kreisfreie St\u00e4dte Kiel und Neum\u00fcnster und Kreise Pl\u00f6n und Rendsburg-Eckernf\u00f6rde) mit der M\u00f6glichkeit der Stellungnahme vom 10. Juli bis 9. November 2023<br>\u00d6 8 Einwohnerversammlung &#8211; Externe Betreuung<br>\u00d6 9 Vorstellung Baumpflegekonzept Gro\u00df Buchwald<br>\u00d6 10 Mitteilungen des B\u00fcrgermeisters<br>\u00d6 11 Anfragen der Gemeindevertreterinnen und Gemeindevertreter<br>\u00d6 12 Berichte aus den Aussch\u00fcssen<br>N 13 Personalangelegenheiten<br>N 14 Grundst\u00fccksangelegenheiten<br>\u00d6 15 Bekanntgabe der in nicht \u00f6ffentlicher Sitzung gefassten Beschl\u00fcsse<\/p>\n\n\n\n<p>Link: <a href=\"https:\/\/www.amt-bordesholm.sitzung-online.de\/bi\/to010.asp?SILFDNR=1060\">https:\/\/www.amt-bordesholm.sitzung-online.de\/bi\/to010.asp?SILFDNR=1060<\/a><\/p>\n","protected":false},"excerpt":{"rendered":"<p>Die n\u00e4chste Sitzung findet am 12.10.2023 um 19:00 Uhr im B\u00fcrgerhaus statt. Tagesordnung TOP Betreff\u00d6 1 Begr\u00fc\u00dfung und Er\u00f6ffnung der Sitzung durch den B\u00fcrgermeister\u00d6 2 Beschluss \u00fcber die Tagesordnung\u00d6 3 Genehmigung der Sitzungsniederschrift vom 24.08.2023\u00d6 4 Einwohnerfragestunde; Vorschl\u00e4ge, Anregungen und &hellip; <a href=\"http:\/\/www.gross-buchwald.de\/index.php\/sitzung-der-gemeindevertretung-gross-buchwald\/\">Weiterlesen <span class=\"meta-nav\">&rarr;<\/span><\/a><\/p>\n","protected":false},"author":1,"featured_media":0,"comment_status":"closed","ping_status":"open","sticky":false,"template":"","format":"standard","meta":{"footnotes":""},"categories":[1],"tags":[],"class_list":["post-2074","post","type-post","status-publish","format-standard","hentry","category-allgemein"],"_links":{"self":[{"href":"http:\/\/www.gross-buchwald.de\/index.php\/wp-json\/wp\/v2\/posts\/2074","targetHints":{"allow":["GET"]}}],"collection":[{"href":"http:\/\/www.gross-buchwald.de\/index.php\/wp-json\/wp\/v2\/posts"}],"about":[{"href":"http:\/\/www.gross-buchwald.de\/index.php\/wp-json\/wp\/v2\/types\/post"}],"author":[{"embeddable":true,"href":"http:\/\/www.gross-buchwald.de\/index.php\/wp-json\/wp\/v2\/users\/1"}],"replies":[{"embeddable":true,"href":"http:\/\/www.gross-buchwald.de\/index.php\/wp-json\/wp\/v2\/comments?post=2074"}],"version-history":[{"count":3,"href":"http:\/\/www.gross-buchwald.de\/index.php\/wp-json\/wp\/v2\/posts\/2074\/revisions"}],"predecessor-version":[{"id":2077,"href":"http:\/\/www.gross-buchwald.de\/index.php\/wp-json\/wp\/v2\/posts\/2074\/revisions\/2077"}],"wp:attachment":[{"href":"http:\/\/www.gross-buchwald.de\/index.php\/wp-json\/wp\/v2\/media?parent=2074"}],"wp:term":[{"taxonomy":"category","embeddable":true,"href":"http:\/\/www.gross-buchwald.de\/index.php\/wp-json\/wp\/v2\/categories?post=2074"},{"taxonomy":"post_tag","embeddable":true,"href":"http:\/\/www.gross-buchwald.de\/index.php\/wp-json\/wp\/v2\/tags?post=2074"}],"curies":[{"name":"wp","href":"https:\/\/api.w.org\/{rel}","templated":true}]}}