{"id":2189,"date":"2024-02-04T17:24:05","date_gmt":"2024-02-04T17:24:05","guid":{"rendered":"http:\/\/www.gross-buchwald.de\/?p=2189"},"modified":"2024-02-04T17:35:21","modified_gmt":"2024-02-04T17:35:21","slug":"menschen-in-gross-buchwald","status":"publish","type":"post","link":"http:\/\/www.gross-buchwald.de\/index.php\/menschen-in-gross-buchwald\/","title":{"rendered":"Menschen in Gro\u00df Buchwald"},"content":{"rendered":"\n<div class=\"wp-block-media-text is-stacked-on-mobile is-vertically-aligned-top\"><figure class=\"wp-block-media-text__media\"><img loading=\"lazy\" decoding=\"async\" width=\"300\" height=\"400\" src=\"http:\/\/www.gross-buchwald.de\/wp-content\/uploads\/FritzDelfs-3.png\" alt=\"\" class=\"wp-image-2197 size-full\" srcset=\"http:\/\/www.gross-buchwald.de\/wp-content\/uploads\/FritzDelfs-3.png 300w, http:\/\/www.gross-buchwald.de\/wp-content\/uploads\/FritzDelfs-3-225x300.png 225w\" sizes=\"auto, (max-width: 300px) 100vw, 300px\" \/><\/figure><div class=\"wp-block-media-text__content\">\n<p>Fritz Delfs aus der Hauptstra\u00dfe 9, geboren am 17. M\u00e4rz 1928 in Neum\u00fcnster, ist unser \u201eDorf\u00e4ltester\u201c. Am Ende eines langen, bewegten und \u00e4u\u00dferst aktiven Lebens steckt Fritz immer noch voller Energie. Was hat er nicht alles erlebt und gemacht in diesen vielen Jahren?<br>Seit Kindesbeinen lebt er in Gro\u00df Buchwald, die meiste Zeit im Geb\u00e4ude des damaligen Gasthofs \u201eZum Alten Fritz\u201c, der vor \u00fcber 270 Jahren von seinen Vorfahren gegr\u00fcndet worden ist. <\/p>\n<\/div><\/div>\n\n\n\n<p><br>Nach erfolgreichen Jahren in der Gastronomie (1960 bis 1981: Tanztee im \u201eAlten Fritz\u201c) hat Fritz Delfs ein neues Hobby gefunden: Die Malerei! Bei einem Malkurs in der VHS-Strande wurde sein Naturtalent festgestellt und seitdem ist er bis heute ein aktiver und \u00fcberregional bekannter Kunstmaler.<br>Am Sonntag, den 24. M\u00e4rz (12:00 &#8211; 15:00 Uhr) seid Ihr alle herzlich eingeladen, im B\u00fcrgerhaus bei Sekt und O-Saft mit Fritz \u00fcber sein tolles Leben zu sprechen und einige seiner Bilder zu bestaunen.<br>Fritz und ich freuen uns \u00fcber viele Besucher! (Henning Thomsen)<\/p>\n","protected":false},"excerpt":{"rendered":"<p>Fritz Delfs aus der Hauptstra\u00dfe 9, geboren am 17. M\u00e4rz 1928 in Neum\u00fcnster, ist unser \u201eDorf\u00e4ltester\u201c. Am Ende eines langen, bewegten und \u00e4u\u00dferst aktiven Lebens steckt Fritz immer noch voller Energie. Was hat er nicht alles erlebt und gemacht in &hellip; <a href=\"http:\/\/www.gross-buchwald.de\/index.php\/menschen-in-gross-buchwald\/\">Weiterlesen <span class=\"meta-nav\">&rarr;<\/span><\/a><\/p>\n","protected":false},"author":1,"featured_media":0,"comment_status":"closed","ping_status":"open","sticky":false,"template":"","format":"standard","meta":{"footnotes":""},"categories":[1],"tags":[],"class_list":["post-2189","post","type-post","status-publish","format-standard","hentry","category-allgemein"],"_links":{"self":[{"href":"http:\/\/www.gross-buchwald.de\/index.php\/wp-json\/wp\/v2\/posts\/2189","targetHints":{"allow":["GET"]}}],"collection":[{"href":"http:\/\/www.gross-buchwald.de\/index.php\/wp-json\/wp\/v2\/posts"}],"about":[{"href":"http:\/\/www.gross-buchwald.de\/index.php\/wp-json\/wp\/v2\/types\/post"}],"author":[{"embeddable":true,"href":"http:\/\/www.gross-buchwald.de\/index.php\/wp-json\/wp\/v2\/users\/1"}],"replies":[{"embeddable":true,"href":"http:\/\/www.gross-buchwald.de\/index.php\/wp-json\/wp\/v2\/comments?post=2189"}],"version-history":[{"count":5,"href":"http:\/\/www.gross-buchwald.de\/index.php\/wp-json\/wp\/v2\/posts\/2189\/revisions"}],"predecessor-version":[{"id":2198,"href":"http:\/\/www.gross-buchwald.de\/index.php\/wp-json\/wp\/v2\/posts\/2189\/revisions\/2198"}],"wp:attachment":[{"href":"http:\/\/www.gross-buchwald.de\/index.php\/wp-json\/wp\/v2\/media?parent=2189"}],"wp:term":[{"taxonomy":"category","embeddable":true,"href":"http:\/\/www.gross-buchwald.de\/index.php\/wp-json\/wp\/v2\/categories?post=2189"},{"taxonomy":"post_tag","embeddable":true,"href":"http:\/\/www.gross-buchwald.de\/index.php\/wp-json\/wp\/v2\/tags?post=2189"}],"curies":[{"name":"wp","href":"https:\/\/api.w.org\/{rel}","templated":true}]}}